{"id":5261,"date":"2025-04-29T17:58:45","date_gmt":"2025-04-29T17:58:45","guid":{"rendered":"https:\/\/www.lesentreprisesmelancon.ca\/?p=5261"},"modified":"2025-08-05T21:12:13","modified_gmt":"2025-08-05T21:12:13","slug":"joining-forces-to-give-back-les-enterprises-melancon-supports-the-cogir-foundation","status":"publish","type":"post","link":"https:\/\/www.lesentreprisesmelancon.ca\/en\/joining-forces-to-give-back-les-enterprises-melancon-supports-the-cogir-foundation\/","title":{"rendered":"Joining Forces to Give Back : Les Enterprises Melan\u00e7on Supports the Cogir Foundation"},"content":{"rendered":"<p>[et_pb_section admin_label=&#8221;section&#8221;]<br \/>\n\t\t\t[et_pb_row admin_label=&#8221;row&#8221;]<br \/>\n\t\t\t\t[et_pb_column type=&#8221;4_4&#8243;][et_pb_text admin_label=&#8221;Text&#8221;]On March 27, Les Entreprises Melan\u00e7on had the privilege of taking part in a <a href=\"https:\/\/realestate.cogir.net\/tout-un-succes-pour-le-second-evenement-de-levee-de-fonds-de-la-fondation-cogir\/\" target=\"_blank\" rel=\"noopener\">fundraising activity organized by the Cogir Foundation<\/a>, during a warm evening held at the Rive Gauche hotel in Beloeil.<\/p>\n<p>Inspired by the sugaring-off season, the event brought together business partners, members of the Cogir Immobilier team and stakeholders from various backgrounds over a convivial meal.<\/p>\n<p>The aim of this networking evening was to raise funds to support important social causes. As a Silver Sponsor, we were keen to play an active part in this initiative by making a donation to the Foundation.<\/p>\n<p><img loading=\"lazy\" decoding=\"async\" class=\"aligncenter wp-image-5230 size-full\" src=\"https:\/\/www.lesentreprisesmelancon.ca\/wp-content\/uploads\/2025\/04\/entreprises-melancon-souper-fondation-cogir.png\" alt=\"Kevin Beaupr\u00e9, vice-pr\u00e9sident des Entreprises Melan\u00e7on, au souper de la Fondation Cogir\" width=\"600\" height=\"800\" srcset=\"https:\/\/www.lesentreprisesmelancon.ca\/wp-content\/uploads\/2025\/04\/entreprises-melancon-souper-fondation-cogir.png 600w, https:\/\/www.lesentreprisesmelancon.ca\/wp-content\/uploads\/2025\/04\/entreprises-melancon-souper-fondation-cogir-480x640.png 480w\" sizes=\"(min-width: 0px) and (max-width: 480px) 480px, (min-width: 481px) 600px, 100vw\" \/><\/p>\n<p>Thanks to the generosity of participants, over $900,000 was raised &#8211; a sum that the Cogir Foundation had pledged to double. As a result, $1,812,750 will be redistributed to various organizations across the country.<\/p>\n<p>Donations will support projects that promote enriching education and active living for young people, encourage the physical and mental well-being of seniors, facilitate the inclusion of newcomers and contribute to the health of our planet, such as :<\/p>\n<ul>\n<li><a href=\"https:\/\/promis.qc.ca\/\" target=\"_blank\" rel=\"noopener\">PROMIS<\/a>;<\/li>\n<li><a href=\"https:\/\/batshawfoundation.ca\/\" target=\"_blank\" rel=\"noopener\">La Fondation Batshaw<\/a>;<\/li>\n<li><a href=\"https:\/\/adeuxpasdelareussite.org\/\" target=\"_blank\" rel=\"noopener\">\u00c0 deux pas de la r\u00e9ussite<\/a>;<\/li>\n<li><a href=\"https:\/\/bienfaisance.racinecroisee.ca\/\" target=\"_blank\" rel=\"noopener\">Racine Crois\u00e9e<\/a>;<\/li>\n<li><a href=\"https:\/\/www.maisonkekpart.com\/\" target=\"_blank\" rel=\"noopener\">Maison Kekpart<\/a>;<\/li>\n<li><a href=\"https:\/\/www.facebook.com\/p\/%C3%89cole-Immacul%C3%A9e-Conception-100057483068111\/?locale=fr_CA&amp;_rdr\" target=\"_blank\" rel=\"noopener\">\u00c9cole Immacul\u00e9e-Conception<\/a>;<\/li>\n<li><a href=\"https:\/\/fondationsante.com\/je-donne\/don-unique\/\" target=\"_blank\" rel=\"noopener\">Fondation Sant\u00e9<\/a>.<\/li>\n<\/ul>\n<p>Our warmest thanks to Cogir for organizing this inspiring event and for the opportunity to be associated with it.[\/et_pb_text][\/et_pb_column]<br \/>\n\t\t\t[\/et_pb_row]<br \/>\n\t\t[\/et_pb_section]<\/p>\n","protected":false},"excerpt":{"rendered":"<p>On March 27, Les Entreprises Melan\u00e7on had the privilege of taking part in a fundraising activity organized by the Cogir Foundation, during a warm evening held at the Rive Gauche hotel in Beloeil. Inspired by the sugaring-off season, the event brought together business partners, members of the Cogir Immobilier team and stakeholders from various backgrounds [&hellip;]<\/p>\n","protected":false},"author":3,"featured_media":5235,"comment_status":"closed","ping_status":"closed","sticky":false,"template":"","format":"standard","meta":{"_et_pb_use_builder":"on","_et_pb_old_content":"On March 27, Les Entreprises Melan\u00e7on had the privilege of taking part in a <a href=\"https:\/\/realestate.cogir.net\/tout-un-succes-pour-le-second-evenement-de-levee-de-fonds-de-la-fondation-cogir\/\" target=\"_blank\" rel=\"noopener\">fundraising activity organized by the Cogir Foundation<\/a>, during a warm evening held at the Rive Gauche hotel in Beloeil.\r\n\r\nInspired by the sugaring-off season, the event brought together business partners, members of the Cogir Immobilier team and stakeholders from various backgrounds over a convivial meal.\r\n\r\nThe aim of this networking evening was to raise funds to support important social causes. As a Silver Sponsor, we were keen to play an active part in this initiative by making a donation to the Foundation.\r\n\r\n<img class=\"aligncenter wp-image-5230 size-full\" src=\"https:\/\/www.lesentreprisesmelancon.ca\/wp-content\/uploads\/2025\/04\/entreprises-melancon-souper-fondation-cogir.png\" alt=\"Kevin Beaupr\u00e9, vice-pr\u00e9sident des Entreprises Melan\u00e7on, au souper de la Fondation Cogir\" width=\"600\" height=\"800\" \/>\r\n\r\nThanks to the generosity of participants, over $900,000 was raised - a sum that the Cogir Foundation had pledged to double. As a result, $1,812,750 will be redistributed to various organizations across the country.\r\n\r\nDonations will support projects that promote enriching education and active living for young people, encourage the physical and mental well-being of seniors, facilitate the inclusion of newcomers and contribute to the health of our planet, such as :\r\n<ul>\r\n \t<li><a href=\"https:\/\/promis.qc.ca\/\" target=\"_blank\" rel=\"noopener\">PROMIS<\/a>;<\/li>\r\n \t<li><a href=\"https:\/\/batshawfoundation.ca\/\" target=\"_blank\" rel=\"noopener\">La Fondation Batshaw<\/a>;<\/li>\r\n \t<li><a href=\"https:\/\/adeuxpasdelareussite.org\/\" target=\"_blank\" rel=\"noopener\">\u00c0 deux pas de la r\u00e9ussite<\/a>;<\/li>\r\n \t<li><a href=\"https:\/\/bienfaisance.racinecroisee.ca\/\" target=\"_blank\" rel=\"noopener\">Racine Crois\u00e9e<\/a>;<\/li>\r\n \t<li><a href=\"https:\/\/www.maisonkekpart.com\/\" target=\"_blank\" rel=\"noopener\">Maison Kekpart<\/a>;<\/li>\r\n \t<li><a href=\"https:\/\/www.facebook.com\/p\/%C3%89cole-Immacul%C3%A9e-Conception-100057483068111\/?locale=fr_CA&amp;_rdr\" target=\"_blank\" rel=\"noopener\">\u00c9cole Immacul\u00e9e-Conception<\/a>;<\/li>\r\n \t<li><a href=\"https:\/\/fondationsante.com\/je-donne\/don-unique\/\" target=\"_blank\" rel=\"noopener\">Fondation Sant\u00e9<\/a>.<\/li>\r\n<\/ul>\r\nOur warmest thanks to Cogir for organizing this inspiring event and for the opportunity to be associated with it.","_et_gb_content_width":"","footnotes":""},"categories":[65],"tags":[],"class_list":["post-5261","post","type-post","status-publish","format-standard","has-post-thumbnail","hentry","category-news"],"yoast_head":"<!-- This site is optimized with the Yoast SEO plugin v27.1.1 - https:\/\/yoast.com\/product\/yoast-seo-wordpress\/ -->\n<title>Les Enterprises Melan\u00e7on Supports the Cogir Foundation<\/title>\n<meta name=\"description\" content=\"On March 27, Les Entreprises Melan\u00e7on had the privilege of taking part in a fundraising activity organized by the Cogir Foundation.\" \/>\n<meta name=\"robots\" content=\"index, follow, max-snippet:-1, max-image-preview:large, max-video-preview:-1\" \/>\n<link rel=\"canonical\" href=\"https:\/\/www.lesentreprisesmelancon.ca\/en\/joining-forces-to-give-back-les-enterprises-melancon-supports-the-cogir-foundation\/\" \/>\n<meta property=\"og:locale\" content=\"en_US\" \/>\n<meta property=\"og:type\" content=\"article\" \/>\n<meta property=\"og:title\" content=\"Les Enterprises Melan\u00e7on Supports the Cogir Foundation\" \/>\n<meta property=\"og:description\" content=\"On March 27, Les Entreprises Melan\u00e7on had the privilege of taking part in a fundraising activity organized by the Cogir Foundation.\" \/>\n<meta property=\"og:url\" content=\"https:\/\/www.lesentreprisesmelancon.ca\/en\/joining-forces-to-give-back-les-enterprises-melancon-supports-the-cogir-foundation\/\" \/>\n<meta property=\"og:site_name\" content=\"Les Entreprises Melancon\" \/>\n<meta property=\"article:publisher\" content=\"https:\/\/www.facebook.com\/entreprisesmelancon\/\" \/>\n<meta property=\"article:published_time\" content=\"2025-04-29T17:58:45+00:00\" \/>\n<meta property=\"article:modified_time\" content=\"2025-08-05T21:12:13+00:00\" \/>\n<meta property=\"og:image\" content=\"https:\/\/www.lesentreprisesmelancon.ca\/wp-content\/uploads\/2025\/04\/souper-fondation-cogir.png\" \/>\n\t<meta property=\"og:image:width\" content=\"800\" \/>\n\t<meta property=\"og:image:height\" content=\"600\" \/>\n\t<meta property=\"og:image:type\" content=\"image\/png\" \/>\n<meta name=\"author\" content=\"Alexis Lamothe\" \/>\n<meta name=\"twitter:card\" content=\"summary_large_image\" \/>\n<meta name=\"twitter:label1\" content=\"Written by\" \/>\n\t<meta name=\"twitter:data1\" content=\"Alexis Lamothe\" \/>\n\t<meta name=\"twitter:label2\" content=\"Est. reading time\" \/>\n\t<meta name=\"twitter:data2\" content=\"2 minutes\" \/>\n<script type=\"application\/ld+json\" class=\"yoast-schema-graph\">{\"@context\":\"https:\/\/schema.org\",\"@graph\":[{\"@type\":\"Article\",\"@id\":\"https:\/\/www.lesentreprisesmelancon.ca\/en\/joining-forces-to-give-back-les-enterprises-melancon-supports-the-cogir-foundation\/#article\",\"isPartOf\":{\"@id\":\"https:\/\/www.lesentreprisesmelancon.ca\/en\/joining-forces-to-give-back-les-enterprises-melancon-supports-the-cogir-foundation\/\"},\"author\":{\"name\":\"Alexis Lamothe\",\"@id\":\"https:\/\/www.lesentreprisesmelancon.ca\/en\/#\/schema\/person\/cd28f3481db979a80d34b4a8c729623c\"},\"headline\":\"Joining Forces to Give Back : Les Enterprises Melan\u00e7on Supports the Cogir Foundation\",\"datePublished\":\"2025-04-29T17:58:45+00:00\",\"dateModified\":\"2025-08-05T21:12:13+00:00\",\"mainEntityOfPage\":{\"@id\":\"https:\/\/www.lesentreprisesmelancon.ca\/en\/joining-forces-to-give-back-les-enterprises-melancon-supports-the-cogir-foundation\/\"},\"wordCount\":251,\"publisher\":{\"@id\":\"https:\/\/www.lesentreprisesmelancon.ca\/en\/#organization\"},\"image\":{\"@id\":\"https:\/\/www.lesentreprisesmelancon.ca\/en\/joining-forces-to-give-back-les-enterprises-melancon-supports-the-cogir-foundation\/#primaryimage\"},\"thumbnailUrl\":\"https:\/\/www.lesentreprisesmelancon.ca\/wp-content\/uploads\/2025\/04\/souper-fondation-cogir.png\",\"articleSection\":[\"News\"],\"inLanguage\":\"en-US\"},{\"@type\":\"WebPage\",\"@id\":\"https:\/\/www.lesentreprisesmelancon.ca\/en\/joining-forces-to-give-back-les-enterprises-melancon-supports-the-cogir-foundation\/\",\"url\":\"https:\/\/www.lesentreprisesmelancon.ca\/en\/joining-forces-to-give-back-les-enterprises-melancon-supports-the-cogir-foundation\/\",\"name\":\"Les Enterprises Melan\u00e7on Supports the Cogir Foundation\",\"isPartOf\":{\"@id\":\"https:\/\/www.lesentreprisesmelancon.ca\/en\/#website\"},\"primaryImageOfPage\":{\"@id\":\"https:\/\/www.lesentreprisesmelancon.ca\/en\/joining-forces-to-give-back-les-enterprises-melancon-supports-the-cogir-foundation\/#primaryimage\"},\"image\":{\"@id\":\"https:\/\/www.lesentreprisesmelancon.ca\/en\/joining-forces-to-give-back-les-enterprises-melancon-supports-the-cogir-foundation\/#primaryimage\"},\"thumbnailUrl\":\"https:\/\/www.lesentreprisesmelancon.ca\/wp-content\/uploads\/2025\/04\/souper-fondation-cogir.png\",\"datePublished\":\"2025-04-29T17:58:45+00:00\",\"dateModified\":\"2025-08-05T21:12:13+00:00\",\"description\":\"On March 27, Les Entreprises Melan\u00e7on had the privilege of taking part in a fundraising activity organized by the Cogir Foundation.\",\"breadcrumb\":{\"@id\":\"https:\/\/www.lesentreprisesmelancon.ca\/en\/joining-forces-to-give-back-les-enterprises-melancon-supports-the-cogir-foundation\/#breadcrumb\"},\"inLanguage\":\"en-US\",\"potentialAction\":[{\"@type\":\"ReadAction\",\"target\":[\"https:\/\/www.lesentreprisesmelancon.ca\/en\/joining-forces-to-give-back-les-enterprises-melancon-supports-the-cogir-foundation\/\"]}]},{\"@type\":\"ImageObject\",\"inLanguage\":\"en-US\",\"@id\":\"https:\/\/www.lesentreprisesmelancon.ca\/en\/joining-forces-to-give-back-les-enterprises-melancon-supports-the-cogir-foundation\/#primaryimage\",\"url\":\"https:\/\/www.lesentreprisesmelancon.ca\/wp-content\/uploads\/2025\/04\/souper-fondation-cogir.png\",\"contentUrl\":\"https:\/\/www.lesentreprisesmelancon.ca\/wp-content\/uploads\/2025\/04\/souper-fondation-cogir.png\",\"width\":800,\"height\":600,\"caption\":\"Souper de la Fondation Cogir\"},{\"@type\":\"BreadcrumbList\",\"@id\":\"https:\/\/www.lesentreprisesmelancon.ca\/en\/joining-forces-to-give-back-les-enterprises-melancon-supports-the-cogir-foundation\/#breadcrumb\",\"itemListElement\":[{\"@type\":\"ListItem\",\"position\":1,\"name\":\"Accueil\",\"item\":\"https:\/\/www.lesentreprisesmelancon.ca\/en\/\"},{\"@type\":\"ListItem\",\"position\":2,\"name\":\"Joining Forces to Give Back : Les Enterprises Melan\u00e7on Supports the Cogir Foundation\"}]},{\"@type\":\"WebSite\",\"@id\":\"https:\/\/www.lesentreprisesmelancon.ca\/en\/#website\",\"url\":\"https:\/\/www.lesentreprisesmelancon.ca\/en\/\",\"name\":\"Les Entreprises Melan\u00e7on\",\"description\":\"Restauration patrimoine et membrane de stationnement\",\"publisher\":{\"@id\":\"https:\/\/www.lesentreprisesmelancon.ca\/en\/#organization\"},\"alternateName\":\"Melan\u00e7on\",\"potentialAction\":[{\"@type\":\"SearchAction\",\"target\":{\"@type\":\"EntryPoint\",\"urlTemplate\":\"https:\/\/www.lesentreprisesmelancon.ca\/en\/?s={search_term_string}\"},\"query-input\":{\"@type\":\"PropertyValueSpecification\",\"valueRequired\":true,\"valueName\":\"search_term_string\"}}],\"inLanguage\":\"en-US\"},{\"@type\":\"Organization\",\"@id\":\"https:\/\/www.lesentreprisesmelancon.ca\/en\/#organization\",\"name\":\"Les Entreprises Melan\u00e7on\",\"url\":\"https:\/\/www.lesentreprisesmelancon.ca\/en\/\",\"logo\":{\"@type\":\"ImageObject\",\"inLanguage\":\"en-US\",\"@id\":\"https:\/\/www.lesentreprisesmelancon.ca\/en\/#\/schema\/logo\/image\/\",\"url\":\"https:\/\/www.lesentreprisesmelancon.ca\/wp-content\/uploads\/2022\/05\/Melancon-Logo-4.png\",\"contentUrl\":\"https:\/\/www.lesentreprisesmelancon.ca\/wp-content\/uploads\/2022\/05\/Melancon-Logo-4.png\",\"width\":850,\"height\":704,\"caption\":\"Les Entreprises Melan\u00e7on\"},\"image\":{\"@id\":\"https:\/\/www.lesentreprisesmelancon.ca\/en\/#\/schema\/logo\/image\/\"},\"sameAs\":[\"https:\/\/www.facebook.com\/entreprisesmelancon\/\",\"https:\/\/www.linkedin.com\/company\/les-entreprises-m-melan\u00e7on-inc\/\"]},{\"@type\":\"Person\",\"@id\":\"https:\/\/www.lesentreprisesmelancon.ca\/en\/#\/schema\/person\/cd28f3481db979a80d34b4a8c729623c\",\"name\":\"Alexis Lamothe\",\"image\":{\"@type\":\"ImageObject\",\"inLanguage\":\"en-US\",\"@id\":\"https:\/\/www.lesentreprisesmelancon.ca\/en\/#\/schema\/person\/image\/\",\"url\":\"https:\/\/secure.gravatar.com\/avatar\/d82af4222af579aaca2dcb3be57c13ac5dbed4da0d3d5cc515caa5bb250f5511?s=96&d=mm&r=g\",\"contentUrl\":\"https:\/\/secure.gravatar.com\/avatar\/d82af4222af579aaca2dcb3be57c13ac5dbed4da0d3d5cc515caa5bb250f5511?s=96&d=mm&r=g\",\"caption\":\"Alexis Lamothe\"},\"url\":\"https:\/\/www.lesentreprisesmelancon.ca\/en\/author\/halexis\/\"}]}<\/script>\n<!-- \/ Yoast SEO plugin. -->","yoast_head_json":{"title":"Les Enterprises Melan\u00e7on Supports the Cogir Foundation","description":"On March 27, Les Entreprises Melan\u00e7on had the privilege of taking part in a fundraising activity organized by the Cogir Foundation.","robots":{"index":"index","follow":"follow","max-snippet":"max-snippet:-1","max-image-preview":"max-image-preview:large","max-video-preview":"max-video-preview:-1"},"canonical":"https:\/\/www.lesentreprisesmelancon.ca\/en\/joining-forces-to-give-back-les-enterprises-melancon-supports-the-cogir-foundation\/","og_locale":"en_US","og_type":"article","og_title":"Les Enterprises Melan\u00e7on Supports the Cogir Foundation","og_description":"On March 27, Les Entreprises Melan\u00e7on had the privilege of taking part in a fundraising activity organized by the Cogir Foundation.","og_url":"https:\/\/www.lesentreprisesmelancon.ca\/en\/joining-forces-to-give-back-les-enterprises-melancon-supports-the-cogir-foundation\/","og_site_name":"Les Entreprises Melancon","article_publisher":"https:\/\/www.facebook.com\/entreprisesmelancon\/","article_published_time":"2025-04-29T17:58:45+00:00","article_modified_time":"2025-08-05T21:12:13+00:00","og_image":[{"width":800,"height":600,"url":"https:\/\/www.lesentreprisesmelancon.ca\/wp-content\/uploads\/2025\/04\/souper-fondation-cogir.png","type":"image\/png"}],"author":"Alexis Lamothe","twitter_card":"summary_large_image","twitter_misc":{"Written by":"Alexis Lamothe","Est. reading time":"2 minutes"},"schema":{"@context":"https:\/\/schema.org","@graph":[{"@type":"Article","@id":"https:\/\/www.lesentreprisesmelancon.ca\/en\/joining-forces-to-give-back-les-enterprises-melancon-supports-the-cogir-foundation\/#article","isPartOf":{"@id":"https:\/\/www.lesentreprisesmelancon.ca\/en\/joining-forces-to-give-back-les-enterprises-melancon-supports-the-cogir-foundation\/"},"author":{"name":"Alexis Lamothe","@id":"https:\/\/www.lesentreprisesmelancon.ca\/en\/#\/schema\/person\/cd28f3481db979a80d34b4a8c729623c"},"headline":"Joining Forces to Give Back : Les Enterprises Melan\u00e7on Supports the Cogir Foundation","datePublished":"2025-04-29T17:58:45+00:00","dateModified":"2025-08-05T21:12:13+00:00","mainEntityOfPage":{"@id":"https:\/\/www.lesentreprisesmelancon.ca\/en\/joining-forces-to-give-back-les-enterprises-melancon-supports-the-cogir-foundation\/"},"wordCount":251,"publisher":{"@id":"https:\/\/www.lesentreprisesmelancon.ca\/en\/#organization"},"image":{"@id":"https:\/\/www.lesentreprisesmelancon.ca\/en\/joining-forces-to-give-back-les-enterprises-melancon-supports-the-cogir-foundation\/#primaryimage"},"thumbnailUrl":"https:\/\/www.lesentreprisesmelancon.ca\/wp-content\/uploads\/2025\/04\/souper-fondation-cogir.png","articleSection":["News"],"inLanguage":"en-US"},{"@type":"WebPage","@id":"https:\/\/www.lesentreprisesmelancon.ca\/en\/joining-forces-to-give-back-les-enterprises-melancon-supports-the-cogir-foundation\/","url":"https:\/\/www.lesentreprisesmelancon.ca\/en\/joining-forces-to-give-back-les-enterprises-melancon-supports-the-cogir-foundation\/","name":"Les Enterprises Melan\u00e7on Supports the Cogir Foundation","isPartOf":{"@id":"https:\/\/www.lesentreprisesmelancon.ca\/en\/#website"},"primaryImageOfPage":{"@id":"https:\/\/www.lesentreprisesmelancon.ca\/en\/joining-forces-to-give-back-les-enterprises-melancon-supports-the-cogir-foundation\/#primaryimage"},"image":{"@id":"https:\/\/www.lesentreprisesmelancon.ca\/en\/joining-forces-to-give-back-les-enterprises-melancon-supports-the-cogir-foundation\/#primaryimage"},"thumbnailUrl":"https:\/\/www.lesentreprisesmelancon.ca\/wp-content\/uploads\/2025\/04\/souper-fondation-cogir.png","datePublished":"2025-04-29T17:58:45+00:00","dateModified":"2025-08-05T21:12:13+00:00","description":"On March 27, Les Entreprises Melan\u00e7on had the privilege of taking part in a fundraising activity organized by the Cogir Foundation.","breadcrumb":{"@id":"https:\/\/www.lesentreprisesmelancon.ca\/en\/joining-forces-to-give-back-les-enterprises-melancon-supports-the-cogir-foundation\/#breadcrumb"},"inLanguage":"en-US","potentialAction":[{"@type":"ReadAction","target":["https:\/\/www.lesentreprisesmelancon.ca\/en\/joining-forces-to-give-back-les-enterprises-melancon-supports-the-cogir-foundation\/"]}]},{"@type":"ImageObject","inLanguage":"en-US","@id":"https:\/\/www.lesentreprisesmelancon.ca\/en\/joining-forces-to-give-back-les-enterprises-melancon-supports-the-cogir-foundation\/#primaryimage","url":"https:\/\/www.lesentreprisesmelancon.ca\/wp-content\/uploads\/2025\/04\/souper-fondation-cogir.png","contentUrl":"https:\/\/www.lesentreprisesmelancon.ca\/wp-content\/uploads\/2025\/04\/souper-fondation-cogir.png","width":800,"height":600,"caption":"Souper de la Fondation Cogir"},{"@type":"BreadcrumbList","@id":"https:\/\/www.lesentreprisesmelancon.ca\/en\/joining-forces-to-give-back-les-enterprises-melancon-supports-the-cogir-foundation\/#breadcrumb","itemListElement":[{"@type":"ListItem","position":1,"name":"Accueil","item":"https:\/\/www.lesentreprisesmelancon.ca\/en\/"},{"@type":"ListItem","position":2,"name":"Joining Forces to Give Back : Les Enterprises Melan\u00e7on Supports the Cogir Foundation"}]},{"@type":"WebSite","@id":"https:\/\/www.lesentreprisesmelancon.ca\/en\/#website","url":"https:\/\/www.lesentreprisesmelancon.ca\/en\/","name":"Les Entreprises Melan\u00e7on","description":"Restauration patrimoine et membrane de stationnement","publisher":{"@id":"https:\/\/www.lesentreprisesmelancon.ca\/en\/#organization"},"alternateName":"Melan\u00e7on","potentialAction":[{"@type":"SearchAction","target":{"@type":"EntryPoint","urlTemplate":"https:\/\/www.lesentreprisesmelancon.ca\/en\/?s={search_term_string}"},"query-input":{"@type":"PropertyValueSpecification","valueRequired":true,"valueName":"search_term_string"}}],"inLanguage":"en-US"},{"@type":"Organization","@id":"https:\/\/www.lesentreprisesmelancon.ca\/en\/#organization","name":"Les Entreprises Melan\u00e7on","url":"https:\/\/www.lesentreprisesmelancon.ca\/en\/","logo":{"@type":"ImageObject","inLanguage":"en-US","@id":"https:\/\/www.lesentreprisesmelancon.ca\/en\/#\/schema\/logo\/image\/","url":"https:\/\/www.lesentreprisesmelancon.ca\/wp-content\/uploads\/2022\/05\/Melancon-Logo-4.png","contentUrl":"https:\/\/www.lesentreprisesmelancon.ca\/wp-content\/uploads\/2022\/05\/Melancon-Logo-4.png","width":850,"height":704,"caption":"Les Entreprises Melan\u00e7on"},"image":{"@id":"https:\/\/www.lesentreprisesmelancon.ca\/en\/#\/schema\/logo\/image\/"},"sameAs":["https:\/\/www.facebook.com\/entreprisesmelancon\/","https:\/\/www.linkedin.com\/company\/les-entreprises-m-melan\u00e7on-inc\/"]},{"@type":"Person","@id":"https:\/\/www.lesentreprisesmelancon.ca\/en\/#\/schema\/person\/cd28f3481db979a80d34b4a8c729623c","name":"Alexis Lamothe","image":{"@type":"ImageObject","inLanguage":"en-US","@id":"https:\/\/www.lesentreprisesmelancon.ca\/en\/#\/schema\/person\/image\/","url":"https:\/\/secure.gravatar.com\/avatar\/d82af4222af579aaca2dcb3be57c13ac5dbed4da0d3d5cc515caa5bb250f5511?s=96&d=mm&r=g","contentUrl":"https:\/\/secure.gravatar.com\/avatar\/d82af4222af579aaca2dcb3be57c13ac5dbed4da0d3d5cc515caa5bb250f5511?s=96&d=mm&r=g","caption":"Alexis Lamothe"},"url":"https:\/\/www.lesentreprisesmelancon.ca\/en\/author\/halexis\/"}]}},"_links":{"self":[{"href":"https:\/\/www.lesentreprisesmelancon.ca\/en\/wp-json\/wp\/v2\/posts\/5261","targetHints":{"allow":["GET"]}}],"collection":[{"href":"https:\/\/www.lesentreprisesmelancon.ca\/en\/wp-json\/wp\/v2\/posts"}],"about":[{"href":"https:\/\/www.lesentreprisesmelancon.ca\/en\/wp-json\/wp\/v2\/types\/post"}],"author":[{"embeddable":true,"href":"https:\/\/www.lesentreprisesmelancon.ca\/en\/wp-json\/wp\/v2\/users\/3"}],"replies":[{"embeddable":true,"href":"https:\/\/www.lesentreprisesmelancon.ca\/en\/wp-json\/wp\/v2\/comments?post=5261"}],"version-history":[{"count":3,"href":"https:\/\/www.lesentreprisesmelancon.ca\/en\/wp-json\/wp\/v2\/posts\/5261\/revisions"}],"predecessor-version":[{"id":5327,"href":"https:\/\/www.lesentreprisesmelancon.ca\/en\/wp-json\/wp\/v2\/posts\/5261\/revisions\/5327"}],"wp:featuredmedia":[{"embeddable":true,"href":"https:\/\/www.lesentreprisesmelancon.ca\/en\/wp-json\/wp\/v2\/media\/5235"}],"wp:attachment":[{"href":"https:\/\/www.lesentreprisesmelancon.ca\/en\/wp-json\/wp\/v2\/media?parent=5261"}],"wp:term":[{"taxonomy":"category","embeddable":true,"href":"https:\/\/www.lesentreprisesmelancon.ca\/en\/wp-json\/wp\/v2\/categories?post=5261"},{"taxonomy":"post_tag","embeddable":true,"href":"https:\/\/www.lesentreprisesmelancon.ca\/en\/wp-json\/wp\/v2\/tags?post=5261"}],"curies":[{"name":"wp","href":"https:\/\/api.w.org\/{rel}","templated":true}]}}